{"id":28,"date":"2016-07-30T09:38:05","date_gmt":"2016-07-30T07:38:05","guid":{"rendered":"http:\/\/www.wirgehen.at\/?p=28"},"modified":"2016-07-30T09:38:05","modified_gmt":"2016-07-30T07:38:05","slug":"die-route","status":"publish","type":"post","link":"http:\/\/www.wirgehen.at\/?p=28","title":{"rendered":"Die Route !!"},"content":{"rendered":"<p>Hier einige Eckdaten unserer Reise.<\/p>\n<p>Start ist der der 10. August mit dem Zug nach M\u00fcnchen.<br \/>\nWir werden eine Nacht in M\u00fcnchen verbringen und am 11. August losgehen. Sofern wir nicht im Hofbr\u00e4uhaus n\u00e4chtigen. \ud83d\ude09<\/p>\n<hr \/>\n<p><strong>H\u00f6henmeter Gesamt: Aufstieg 22.200 Hm\/ Abstieg: 25.000 Hm<\/strong><br \/>\n<strong>Strecke Gesamt: 554 km<\/strong><\/p>\n<p><strong><br \/>\n11. August<br \/>\n<\/strong><strong>Tag 1: Marienplatz &#8211;\u00a0Kloster Sch\u00e4ftlarn (22 km)<br \/>\nTag 2:\u00a0Kloster Sch\u00e4ftlarn &#8211;\u00a0Geretsried (21 km)<br \/>\nTag 3:\u00a0Geretsried &#8211;\u00a0Bad T\u00f6lz (17 km)<br \/>\nTag 4: Bad T\u00f6lz &#8211; Tutzinger H\u00fctte (21 km)<br \/>\nTag 5:\u00a0Tutzinger H\u00fctte &#8211; Vorderri\u00df (18 km)<br \/>\nTag 6: Vorderri\u00df &#8211; Karwendelhaus (24 km)<br \/>\nTag 7: Karwendelhaus &#8211; Hallerangerhaus (15 km)<br \/>\nTag 8: Hallerangerhaus &#8211;\u00a0Glungezer H\u00fctte (18 km)<br \/>\nTag 9: Glungezer H\u00fctte &#8211; Lizumer H\u00fctte (15 km)<br \/>\nTag 10: Lizumer H\u00fctte &#8211;\u00a0Tuxer-Joch-Haus (13 km)<br \/>\nTag 11: Tuxer-Joch-Haus &#8211; Olpererh\u00fctte (12 km)<br \/>\nTag 12: Olpererh\u00fctte &#8211; Stein (13 km)<br \/>\nTag 13: Stein &#8211; Pfunders (20 km)<br \/>\nTag 14:\u00a0<\/strong><b>Pfunders &#8211; Kreuzwiesen Alm (25 km)<br \/>\nTag 15: Kreuzwiesen Alm &#8211; Schl\u00fcterh\u00fctte (22 km)<br \/>\nTag 16: Schl\u00fcterh\u00fctte &#8211;\u00a0Puezh\u00fctte (11 km)<br \/>\nTag 17:\u00a0Putzh\u00fctte &#8211;\u00a0Rifugio Bo\u00e9 (14 km)<br \/>\nTag 18: Rif. Bo\u00e9 &#8211; Rif. Viel dal Pan (8 km)<br \/>\nTag 19: Rif. Viel dal Pan &#8211; Alleghe (24 km)<br \/>\nTag 20: Alleghe &#8211; Rif. Tissi (11 km)<br \/>\nTag 21: Rif. Tissi &#8211; Rif. Bruto Carestiato (16 km)<br \/>\nTag 22: Rif. Bruto Carestiato &#8211; Rif. Pian de Fontana (20 Km)<\/b><b><br \/>\nTag 23: Rif. Pian de Fontana &#8211; Rif. 7\u00b0 Alpini (10 km)<br \/>\nTag 24: Rif 7\u00b0 Alpini &#8211; Belluno (14 km)<br \/>\nTag 25: Belluno &#8211;\u00a0Rif. Col Visentin (17 Km)<br \/>\nTag 26: Rif. Col Visentin &#8211; Tarzo (22 km)<br \/>\nTag 27: Tarzo &#8211; Ponte della Priula (29 km)<br \/>\nTag 28: Ponte della Priula &#8211; San Bartolomeo (21 km)<br \/>\nTag 29: San Bartolomeo &#8211; Jesolo (36 km)<br \/>\nTag 30: Jesolo &#8211; Venedig (23 km)<\/b><\/p>\n<hr \/>\n<p>Das ist die geplante Route die wir vorhaben zu gehen. Mal schauen wie es uns ergeht und ob wir den Plan einhalten k\u00f6nnen.<\/p>\n<p>&nbsp;<\/p>\n","protected":false},"excerpt":{"rendered":"<p>Hier einige Eckdaten unserer Reise. Start ist der der 10. August mit dem Zug nach M\u00fcnchen. Wir werden eine Nacht in M\u00fcnchen verbringen und am 11. August losgehen. Sofern wir nicht im Hofbr\u00e4uhaus n\u00e4chtigen. \ud83d\ude09 H\u00f6henmeter Gesamt: Aufstieg 22.200 Hm\/ Abstieg: 25.000 Hm Strecke Gesamt: 554 km 11. August Tag 1: Marienplatz &#8211;\u00a0Kloster Sch\u00e4ftlarn (22 &hellip; <a href=\"http:\/\/www.wirgehen.at\/?p=28\" class=\"more-link\"><span class=\"screen-reader-text\">\u201eDie Route !!\u201c<\/span> weiterlesen<\/a><\/p>\n","protected":false},"author":1,"featured_media":0,"comment_status":"open","ping_status":"open","sticky":false,"template":"","format":"standard","meta":{"footnotes":""},"categories":[1],"tags":[],"class_list":["post-28","post","type-post","status-publish","format-standard","hentry","category-allgemein"],"amp_enabled":true,"_links":{"self":[{"href":"http:\/\/www.wirgehen.at\/index.php?rest_route=\/wp\/v2\/posts\/28","targetHints":{"allow":["GET"]}}],"collection":[{"href":"http:\/\/www.wirgehen.at\/index.php?rest_route=\/wp\/v2\/posts"}],"about":[{"href":"http:\/\/www.wirgehen.at\/index.php?rest_route=\/wp\/v2\/types\/post"}],"author":[{"embeddable":true,"href":"http:\/\/www.wirgehen.at\/index.php?rest_route=\/wp\/v2\/users\/1"}],"replies":[{"embeddable":true,"href":"http:\/\/www.wirgehen.at\/index.php?rest_route=%2Fwp%2Fv2%2Fcomments&post=28"}],"version-history":[{"count":1,"href":"http:\/\/www.wirgehen.at\/index.php?rest_route=\/wp\/v2\/posts\/28\/revisions"}],"predecessor-version":[{"id":29,"href":"http:\/\/www.wirgehen.at\/index.php?rest_route=\/wp\/v2\/posts\/28\/revisions\/29"}],"wp:attachment":[{"href":"http:\/\/www.wirgehen.at\/index.php?rest_route=%2Fwp%2Fv2%2Fmedia&parent=28"}],"wp:term":[{"taxonomy":"category","embeddable":true,"href":"http:\/\/www.wirgehen.at\/index.php?rest_route=%2Fwp%2Fv2%2Fcategories&post=28"},{"taxonomy":"post_tag","embeddable":true,"href":"http:\/\/www.wirgehen.at\/index.php?rest_route=%2Fwp%2Fv2%2Ftags&post=28"}],"curies":[{"name":"wp","href":"https:\/\/api.w.org\/{rel}","templated":true}]}}